{"id":100717,"date":"2022-11-02T06:00:00","date_gmt":"2022-11-02T05:00:00","guid":{"rendered":"https:\/\/juliemarie.fr\/organisation\/?p=717"},"modified":"2024-09-13T12:40:56","modified_gmt":"2024-09-13T12:40:56","slug":"mon-parcours","status":"publish","type":"post","link":"https:\/\/juliemarie.fr\/organisation\/2022\/11\/02\/mon-parcours\/","title":{"rendered":"Mon parcours"},"content":{"rendered":"\n<div style=\"height:83px\" aria-hidden=\"true\" class=\"wp-block-spacer\"><\/div>\n\n\n\n<h1 class=\"has-text-align-center oooh-baby wp-block-heading\"><strong>Un peu de mon parcours &#8230;<\/strong><\/h1>\n\n\n\n<div style=\"height:77px\" aria-hidden=\"true\" class=\"wp-block-spacer\"><\/div>\n\n\n<h4 style=\"text-align: center;\">Cela fait maintenant 1 an que j&rsquo;ai quitt\u00e9 le salariat et bient\u00f4t 6 mois que je me suis lanc\u00e9e dans l&rsquo;entreprenariat, aussi je me suis dit qu&rsquo;il \u00e9tait temps de parler un peu de mon parcours ici !&nbsp;<\/h4>\n<h4 style=\"text-align: center;\">Nous allons donc remonter un peu dans le temps ! \ud83e\uddd9\u200d\u2642\ufe0f<\/h4>\n<p><\/p>\n\n\n<figure class=\"wp-block-image aligncenter size-medium\"><img decoding=\"async\" src=\"https:\/\/juliemarie.fr\/wp-content\/uploads\/2022\/10\/portrait-Julie-225x300.jpg\" alt=\"\" class=\"wp-image-726\"\/><\/figure>\n\n\n\n<div style=\"height:53px\" aria-hidden=\"true\" class=\"wp-block-spacer\"><\/div>\n\n\n<h2 style=\"text-align: center;\">\u27a1\ufe0f 2013 \u27a1\ufe0f<\/h2>\n<h4 style=\"text-align: center;\">J&rsquo;ai 30 ans, je viens de me marier et nous avons un petit gar\u00e7on de 3 ans &#8230;<\/h4>\n<h4 style=\"text-align: center;\"><strong>\u00c0 cette \u00e9poque, si j&rsquo;avais demand\u00e9 \u00e0 mes amis si ils me trouvaient organis\u00e9e, la r\u00e9ponse aurait s\u00fbrement \u00e9t\u00e9 NON<\/strong> \ud83d\ude05Et pour cause ! <strong>Je pensais qu&rsquo;en \u00e9tant organis\u00e9e dans la vie quotidienne, je deviendrai forc\u00e9ment \u00ab\u00a0plan-plan\u00a0\u00bb, et qu&rsquo;il n&rsquo;y aurait plus de place \u00e0 l&rsquo;impr\u00e9vu &#8230;. <\/strong><\/h4>\n<h4 style=\"text-align: center;\">Anticiper ? C&rsquo;\u00e9tait presque un gros mot !!\ud83d\ude48 Pourtant, il faut l&rsquo;avouer, avec un enfant, j&rsquo;avais du mal \u00e0 tout g\u00e9rer, et j&rsquo;\u00e9tais vite d\u00e9pass\u00e9e . Tous les soirs on se demandait ce qu&rsquo;on allait faire \u00e0 manger, je m&rsquo;apercevais le jour m\u00eame que mon fils avait besoin d&rsquo;un pique-nique, et si je ne trouvais pas un v\u00eatement&#8230;.c&rsquo;est probablement parce qu&rsquo;il se trouvait dans le bac \u00e0 linge sale ou&#8230;la pile de linge propre !\ud83d\ude05Et je ne parle m\u00eame pas du stress si nous avions une visite surprise, compte tenu de l&rsquo;\u00e9tat global de la maison !<\/h4>\n<h4 style=\"text-align: center;\">Paradoxalement, j&rsquo;\u00e9tais tr\u00e8s organis\u00e9e au travail et pour les \u00ab\u00a0gros\u00a0\u00bb projets comme l&rsquo;organisation de notre mariage ou les anniversaires de mon fils ! Pour \u00e7a, j&rsquo;\u00e9tais capable de tout organiser en anticipant, en faisant un r\u00e9tro-planning, un plan d&rsquo;action, etc ! Comme quoi &#8230;.^^<\/h4>\n\n\n<div style=\"height:58px\" aria-hidden=\"true\" class=\"wp-block-spacer\"><\/div>\n\n\n<h2 style=\"text-align: center;\">\u27a1\ufe0f2015\u27a1\ufe0f<\/h2>\n<h4 style=\"text-align: center;\"><strong> L&rsquo;ann\u00e9e cl\u00e9 c\u00f4t\u00e9 organisation !<\/strong><\/h4>\n<h4 style=\"text-align: center;\">J&rsquo;apprends que nous attendons des jumeaux ! Entre excitation, doutes, angoisses et impatience, je passe ma grossesse \u00e0 lire, regarder et \u00e9couter TOUT ce que je trouve sur le sujet. Je me rends assez vite compte que si l&rsquo;on veut que tout se passe au mieux, il va falloir apprendre \u00e0 s&rsquo;organiser et anticiper les choses ! <strong>Je commence \u00e0 me passionner pour le home organizing, le d\u00e9veloppement personnel et tout ce qui touche \u00e0 l&rsquo;organisation familiale.<\/strong><\/h4>\n<h4 style=\"text-align: center;\"><strong>Mes jumeaux naissent en d\u00e9cembre et nous sommes au taquet !<\/strong><\/h4>\n\n\n<div style=\"height:67px\" aria-hidden=\"true\" class=\"wp-block-spacer\"><\/div>\n\n\n\n<figure class=\"wp-block-image aligncenter size-large is-resized\"><img fetchpriority=\"high\" decoding=\"async\" src=\"https:\/\/juliemarie.fr\/wp-content\/uploads\/2022\/10\/naissance-twins-1024x1024.jpg\" alt=\"\" class=\"wp-image-734\" width=\"340\" height=\"340\"\/><\/figure>\n\n\n\n<div style=\"height:66px\" aria-hidden=\"true\" class=\"wp-block-spacer\"><\/div>\n\n\n<h2 style=\"text-align: center;\">\u27a1\ufe0f2016\u27a1\ufe0f<\/h2>\n<h4 style=\"text-align: center;\">La premi\u00e8re ann\u00e9e avec les jumeaux se d\u00e9roule \u00e0 merveille ! Oui, bien s\u00fbr, on enchaine les changements de couche et les biberons non-stop, on dort peu et le rythme est intense, mais <strong>tout se d\u00e9roule sans stress ! <\/strong><\/h4>\n<h4 style=\"text-align: center;\"><strong>J&rsquo;ai compris qu&rsquo;anticiper les doses de biberon la veille, ne ferait pas de moi quelqu&rsquo;un de barbant mais juste une maman beaucoup plus sereine la nuit&nbsp;<\/strong> \ud83d\ude05!<\/h4>\n<h4 style=\"text-align: center;\">Et je fini par appliquer l&rsquo;anticipation pour beaucoup plus de choses : je pr\u00e9pare les menus de la semaine, pour que l&rsquo;on ne soit pas en train de se demander ce qu&rsquo;on va faire \u00e0 manger \u00e0 18h (qui \u00e9tait \u00e0 l&rsquo;\u00e9poque l&rsquo;heure des pleurs li\u00e9s aux coliques des loulous); je pr\u00e9pare les v\u00eatements de mon grand la veille, pour ne pas perdre de temps le matin avant l&rsquo;\u00e9cole, quand j&rsquo;ai les 3 \u00e0 habiller avant de partir; je fais du batchcooking pour les pur\u00e9es et compotes des jumeaux, etc&#8230;<\/h4>\n<h4 style=\"text-align: center;\">&nbsp;<strong>Finalement, l&rsquo;organisation que je pensais briseuse de spontan\u00e9it\u00e9, me lib\u00e8re du temps et me permets d&rsquo;\u00eatre beaucoup plus flexible !<\/strong><\/h4>\n<h4 style=\"text-align: center;\"><strong>Je comprends \u00e9galement que \u00e7a ne sert \u00e0 rien d&rsquo;appliquer tous les conseils tels quels sans les adapter \u00e0 notre famille<\/strong> : par exemple je pr\u00e9parais les menus de la semaine, mais savoir \u00e0 l&rsquo;avance pr\u00e9cis\u00e9ment ce que nous allions manger lundi midi et vendredi soir, avait finalement tendance \u00e0 nous brimer et nous priver de libert\u00e9 ! Aussi, j&rsquo;ai fini par noter les plats de la semaine (et adapter mes courses en fonction bien s\u00fbr) et chaque jour nous piochions dans ce menu pour pr\u00e9parer le repas.<\/h4>\n<h4 style=\"text-align: center;\">Pourquoi ? <strong>Tout simplement parce que c&rsquo;est ce qui nous convenait, \u00e0 NOUS<\/strong> : un \u00e9quilibre entre l&rsquo;organisation n\u00e9cessaire et la flexibilit\u00e9 dont nous avions besoin!<\/h4>\n<h4 style=\"text-align: center;\">Et nous fonctionnons toujours comme \u00e7a pour les menus aujourd&rsquo;hui.&nbsp;<\/h4>\n\n\n<div style=\"height:69px\" aria-hidden=\"true\" class=\"wp-block-spacer\"><\/div>\n\n\n\n<div class=\"wp-block-columns is-layout-flex wp-container-core-columns-is-layout-1 wp-block-columns-is-layout-flex\">\n<div class=\"wp-block-column is-vertically-aligned-center is-layout-flow wp-block-column-is-layout-flow\" style=\"flex-basis:50%\">\n<figure class=\"wp-block-gallery has-nested-images columns-default is-cropped wp-block-gallery-1 is-layout-flex wp-block-gallery-is-layout-flex\">\n<figure class=\"wp-block-image size-medium is-style-rounded\"><img decoding=\"async\" src=\"https:\/\/juliemarie.fr\/wp-content\/uploads\/2022\/10\/puree2-300x281.jpg\" alt=\"\" class=\"wp-image-736\"\/><\/figure>\n\n\n\n<figure class=\"wp-block-image size-medium\"><img decoding=\"async\" src=\"https:\/\/juliemarie.fr\/wp-content\/uploads\/2022\/10\/puree-3-300x300.jpg\" alt=\"\" class=\"wp-image-735\"\/><\/figure>\n\n\n\n<figure class=\"wp-block-image size-medium is-style-rounded\"><img decoding=\"async\" src=\"https:\/\/juliemarie.fr\/wp-content\/uploads\/2022\/10\/purees-1-300x300.jpg\" alt=\"\" class=\"wp-image-737\"\/><\/figure>\n<\/figure>\n<\/div>\n\n\n\n<div class=\"wp-block-column is-layout-flow wp-block-column-is-layout-flow\" style=\"flex-basis:50%\"><\/div>\n<\/div>\n\n\n\n<div style=\"height:57px\" aria-hidden=\"true\" class=\"wp-block-spacer\"><\/div>\n\n\n<h2 style=\"text-align: center;\">\u27a1\ufe0f2017\u27a1\ufe0f<\/h2>\n<h4 style=\"text-align: center;\">Notre maison n&rsquo;est clairement plus adapt\u00e9e \u00e0 notre famille nombreuse, nous songeons \u00e0 d\u00e9m\u00e9nager. Angoisse totale au vu du nombres d&rsquo;objets au m\u00e8tres carr\u00e9s, et ce, malgr\u00e9 mes nombreuses tentatives d&rsquo;organisation et de rangement ( Je n&rsquo;avais pas encore compris l&rsquo;importance d&rsquo;un VRAI TRI\ud83d\ude05!) Nous commen\u00e7ons alors un d\u00e9sencombrement complet de la maison ! Gros d\u00e9clic sur tout ce que nous avons d&rsquo;inutile, ce qui \u00e9tait perdu au fin fond d&rsquo;une caisse \u00e0 l&rsquo;\u00e9tage, et sur notre fa\u00e7on de consommer aussi.<\/h4>\n<h4 style=\"text-align: center;\"><strong> Nous nous s\u00e9parons d&rsquo;\u00e9norm\u00e9ment de choses avec un objectif clair : Nous ne ram\u00e8nerons RIEN d&rsquo;inutile dans la future maison !&nbsp;<\/strong><\/h4>\n\n\n<div style=\"height:54px\" aria-hidden=\"true\" class=\"wp-block-spacer\"><\/div>\n\n\n<h2 style=\"text-align: center;\">\u27a1\ufe0f2018\u27a1\ufe0f<\/h2>\n<h4 style=\"text-align: center;\">Emm\u00e9nagement dans la nouvelle maison ! Bien s\u00fbr, nous avons gagn\u00e9 en superficie et cela aide d&rsquo;avoir un espace plus adapt\u00e9 \u00e0 notre famille, mais SURTOUT, d\u00e8s le d\u00e9part, <strong>nous avons d\u00e9termin\u00e9 une place \u00e0 chaque chose, nous savons exactement ce que nous avons et o\u00f9 cela se trouve<\/strong> !<\/h4>\n<h4 style=\"text-align: center;\">Tr\u00e8s vite, nous nous rendons compte du gain de temps \u00e0 ne plus rien chercher, et de tout ce que cela entraine : nous sommes beaucoup plus sereins au quotidien !&nbsp;<\/h4>\n<h4>En parall\u00e8le, je me passionne de plus en plus pour le home organising et le m\u00e9tier de Home Organizer me fait r\u00eaver !&nbsp;<\/h4>\n\n\n<div style=\"height:65px\" aria-hidden=\"true\" class=\"wp-block-spacer\"><\/div>\n\n\n<h2 style=\"text-align: center;\">\u27a1\ufe0f2020 \u27a1\ufe0f<\/h2>\n<h4 style=\"text-align: center;\">Bon, est-ce utile de pr\u00e9ciser ce qu&rsquo;il s&rsquo;est pass\u00e9 pour nous tous cette ann\u00e9e l\u00e0 ? \ud83d\ude05 Le <strong>confinement<\/strong> se passe plut\u00f4t bien, car <strong>nous sommes tr\u00e8s bien tous les 5 \u00e0 la maison<\/strong>. M\u00eame si g\u00e9rer le t\u00e9l\u00e9travail et l&rsquo;\u00e9cole \u00e0 la maison des enfants est loin d&rsquo;\u00eatre simple, encore une fois, l&rsquo;organisation nous aide au quotidien !&nbsp; En revanche, de mon c\u00f4t\u00e9, pour ce qui est du travail, le Burnout arrive, avec toutes ces remises en question&#8230;&nbsp;<\/h4>\n\n\n<div style=\"height:55px\" aria-hidden=\"true\" class=\"wp-block-spacer\"><\/div>\n\n\n<h2 style=\"text-align: center;\">\u27a1\ufe0f2021\u27a1\ufe0f<\/h2>\n<h4 style=\"text-align: center;\">Cette fois, c&rsquo;est d\u00e9cid\u00e9, je ne suis plus capable de rester dans mon travail. Je fais un bilan de comp\u00e9tences, qui met en avant mon besoin d&rsquo; aider les autres, mes capacit\u00e9s d&rsquo;organisation et mon envie d&rsquo;\u00eatre ind\u00e9pendante.<\/h4>\n<h4 style=\"text-align: center;\">Je pense dans un premier temps au m\u00e9tier de Courti\u00e8re en pr\u00eat immobilier. Comme je sors de 16 ans en banque et assurance, je me dis que la reconversion est plut\u00f4t facile. Je passe donc l&rsquo;examen de courtage, l&rsquo;IOBSP, avec succ\u00e8s. Je commence alors \u00e0 pr\u00e9parer mon business plan avec l&rsquo;aide de la BGE, et je me dis que je vais le faire \u00e9galement en parall\u00e8le sur le m\u00e9tier de Home Organiser&#8230; Les semaines passent et plus j&rsquo;avance sur mes business plan, plus le doute s&rsquo;installe&#8230;&nbsp;<\/h4>\n\n\n<div style=\"height:52px\" aria-hidden=\"true\" class=\"wp-block-spacer\"><\/div>\n\n\n<h2 style=\"text-align: center;\">\u27a1\ufe0f2022\u27a1\ufe0f<\/h2>\n<h4 style=\"text-align: center;\">L&rsquo;\u00e9vidence est l\u00e0 : je suis beaucoup plus motiv\u00e9e et investie pour devenir Organisatrice d&rsquo;int\u00e9rieur que Courti\u00e8re !<\/h4>\n<h4 style=\"text-align: center;\"><strong>Aider les autres \u00e0 retrouver un int\u00e9rieur cocon et une vie sereine m&rsquo;importe beaucoup plus !<\/strong><\/h4>\n<h4 style=\"text-align: center;\"><strong>Cela a tellement chang\u00e9 nos vies, j&rsquo;ai \u00e0 c\u0153ur de pouvoir le partager \u00e0 d&rsquo;autres !<\/strong><\/h4>\n<h4 style=\"text-align: center;\">Tout de suite, mon mari me soutient, ce qui me donne l&rsquo;\u00e9lan de poursuivre ce projet ! Tr\u00e8s vite, j&rsquo;ai \u00e9galement le soutient pr\u00e9cieux de mes amis et de ma famille, et je d\u00e9cide de me former au m\u00e9tier d&rsquo;Organisatrice d&rsquo;int\u00e9rieur avec Elodie Boulard <a href=\"https:\/\/www.instagram.com\/la_fee_du_tri\/\" target=\"_blank\" rel=\"noopener\">@la_fee_du_tri<\/a> . Une formation compl\u00e8te, qui confirmera mon envie de faire ce m\u00e9tier.<\/h4>\n<h4 style=\"text-align: center;\">Avril 2022, je commence ma formation business, ax\u00e9e sur l&rsquo;entreprenariat de <a href=\"https:\/\/www.instagram.com\/thebboost\/\" target=\"_blank\" rel=\"noopener\">@thebboost<\/a> : la BSB Acad\u00e9mie, et je pr\u00e9pare en parall\u00e8le le lancement de mon activit\u00e9 pour mai. Cette formation m&rsquo;aura donn\u00e9 bien plus que ce que j&rsquo;esp\u00e9rais, en me pr\u00e9parant aux nombreuses casquettes d&rsquo;entrepreneuse, et en me permettant de rencontrer des femmes incroyablement inspirantes et motivantes (Coucou ma team Pomme \ud83c\udf4e\u2764\ufe0f)<\/h4>\n\n\n<div style=\"height:54px\" aria-hidden=\"true\" class=\"wp-block-spacer\"><\/div>\n\n\n<h2 style=\"text-align: center;\">\u27a1\ufe0f Le bilan \u27a1\ufe0f<\/h2>\n<h4 style=\"text-align: center;\">Ceux qui me connaissent savent le chemin parcouru pour \u00e9crire ces mots, mais je peux le dire : Je suis fi\u00e8re de moi ! Fi\u00e8re d&rsquo;avoir mont\u00e9 ce projet, qui me correspond \u00e0 100%, fi\u00e8re d&rsquo;avoir su d\u00e9passer mes peurs \u00e0 chacune des diff\u00e9rentes \u00e9tapes, <strong>fi\u00e8re d&rsquo;aider et d&rsquo;accompagner mes client.es dans leurs d\u00e9sencombrements, et fi\u00e8re de constater les r\u00e9sultats chez eux et dans leurs vies quotidiennes ! <\/strong><\/h4>\n<h4 style=\"text-align: center;\"><a href=\"https:\/\/juliemarie.fr\/organisation\/mission-coaching-express\/\" target=\"_blank\" rel=\"noopener\">La mission \u00ab\u00a0Coaching Express\u00a0\u00bb<\/a> qui se fait \u00e0 distance fonctionne \u00e0 merveille : avec mon plan d&rsquo;action, mes client.es arrivent seul.es \u00e0 reprendre le contr\u00f4le de leur int\u00e9rieur, font \u00e0 leurs rythmes, tout en \u00e9tant accompagn\u00e9.es \u00e0 chacune des \u00e9tapes.<b> Ce que j&rsquo; apporte \u00e0 mes client.es est bien plus que du rangement dans leurs int\u00e9rieurs : ils retrouvent la s\u00e9r\u00e9nit\u00e9 chez eux, gagnent du temps au quotidien, et cela se r\u00e9percute assez vite sur leur fa\u00e7on de vivre ! <\/b><\/h4>\n<h4 style=\"text-align: center;\"><b>Voir tout ce que cela enclenche chez eux me comble r\u00e9ellement car c&rsquo;est exactement pour \u00e7a que j&rsquo;ai voulu faire ce m\u00e9tier !<\/b><\/h4>\n<h4 style=\"text-align: center;\">D&rsquo;un point de vue plus personnel, le salariat et mon ex-entreprise ne me manquent absolument pas mais bien s\u00fbr mes amis\/coll\u00e8gues pr\u00e9f\u00e9r\u00e9s beaucoup. Heureusement, nous sommes toujours en lien et je les revois r\u00e9guli\u00e8rement. Et dans mes journ\u00e9es en solo, j&rsquo;ai la chance d&rsquo;avoir autour de moi des \u00ab\u00a0Business Friends\u00a0\u00bb de comp\u00e8t, toujours l\u00e0 pour les coups de mou, comme pour les victoires ! (Re coucou ma team Pomme \ud83c\udf4e\u2764\ufe0f). J&rsquo;ai \u00e9galement le soutient quotidien de mon mari, de ma soeur elle aussi entrepreneuse, et l&rsquo;assistance de mon fr\u00e8re pour tous les c\u00f4t\u00e9s techniques\/informatiques<strong>. Tout cela, je le sais, est tr\u00e8s pr\u00e9cieux et j&rsquo;ai beaucoup de chance d&rsquo;\u00eatre si bien entour\u00e9e.&nbsp;&nbsp;<\/strong><\/h4>\n<h4 style=\"text-align: center;\">Pour conclure ce bilan, voici les nouveaut\u00e9s de ma petite entreprise :<\/h4>\n<h4 style=\"text-align: center;\">\u27a1\ufe0fIl y a quelques semaines, j&rsquo;ai pass\u00e9 un entretien avec <a href=\"https:\/\/ffpo.eu\/\" target=\"_blank\" rel=\"noopener\">la F\u00e9d\u00e9ration Francophone des Professionnels de l&rsquo;Organisation (la FFPO)<\/a>. Et je suis tr\u00e8s contente de vous annoncer que je suis d\u00e9sormais Membre Junior de la FFPO ! Pourquoi c&rsquo;est important ? En plus de ma certification de Home Organizing, \u00eatre membre de cette f\u00e9d\u00e9ration est un gage de professionnalisme qui \u00e9tait vraiment essentiel pour moi !&nbsp;<\/h4>\n<h4 style=\"text-align: center;\">\u27a1\ufe0f Je continue de travailler sur ma future offre <strong>\u00ab\u00a0Mission Tchao la charge mentale\u00a0\u00bb<\/strong> : il s&rsquo;agira d&rsquo;un format hybride entre le workbook interactif et une mini formation avec des vid\u00e9os, \u00e0 petit prix. Tous les outils et les \u00e9tapes pour enfin, reprendre le contr\u00f4le de votre temps et lib\u00e9rer votre charge mentale ! La sortie est pr\u00e9vue avant la fin de l&rsquo;ann\u00e9e, pour vous permettre de commencer 2023 le plus sereinement possible ! Si vous ne l&rsquo;\u00eates pas d\u00e9j\u00e0, je vous conseille de<a href=\"https:\/\/juliemarie.fr\/organisation\/liens\/\" target=\"_blank\" rel=\"noopener\"> vous inscrire \u00e0 ma newsletter<\/a> pour ne rien louper de cette nouvelle offre et qui sait, peut-\u00eatre b\u00e9n\u00e9ficier d&rsquo;un tarif sp\u00e9cial \ud83d\ude09!!<\/h4>\n<p><\/p>\n<h4 style=\"text-align: center;\">Voil\u00e0, j&rsquo;esp\u00e8re que cette r\u00e9trospective sur mon parcours vous aura plu, rendez-vous dans 6 mois pour le prochain bilan \ud83d\ude09<\/h4>\n<h4 style=\"text-align: center;\">Comme d&rsquo;habitude, n&rsquo;h\u00e9sitez pas \u00e0 me faire un retour ici dans les commentaires, par mail ou sur les r\u00e9seaux !&nbsp;<\/h4>\n\n\n<div style=\"height:83px\" aria-hidden=\"true\" class=\"wp-block-spacer\"><\/div>\n\n\n\n<div class=\"signature\"><\/div>\n\n\n\n<div style=\"height:70px\" aria-hidden=\"true\" class=\"wp-block-spacer\"><\/div>\n\n\n\n<blockquote class=\"wp-block-quote has-text-align-center has-background is-layout-flow wp-block-quote-is-layout-flow\" style=\"background-color:#e5d4cb;font-size:32px\"><p><strong>Vous pouvez consulter les informations sur la <a href=\"https:\/\/juliemarie.fr\/organisation\/mission-coaching-express\/\" target=\"_blank\" rel=\"noreferrer noopener\">\u00ab\u00a0Mission Coaching Express\u00a0\u00bb ICI<\/a>, <\/strong><\/p><p><strong>consulter <a href=\"https:\/\/juliemarie.fr\/organisation\/mes-services\/\" target=\"_blank\" rel=\"noreferrer noopener\">mes offres ICI<\/a><\/strong><\/p><p><strong> et r\u00e9server votre<a href=\"https:\/\/juliemarie.fr\/organisation\/contact\/\" target=\"_blank\" rel=\"noreferrer noopener\"> 1er RDV GRATUIT ICI ! <\/a><\/strong><\/p><\/blockquote>\n\n\n\n<div style=\"height:47px\" aria-hidden=\"true\" class=\"wp-block-spacer\"><\/div>\n\n\n\n<blockquote class=\"wp-block-quote has-text-align-center has-background has-huge-font-size is-layout-flow wp-block-quote-is-layout-flow\" style=\"background-color:#e5d4cb\"><p>Et si vous \u00eates en cours de r\u00e9flexion pour devenir Home Organiser vous aussi, je ne peux que vous recommander la formation d&rsquo;Elodie <a href=\"https:\/\/www.instagram.com\/la_fee_du_tri\/\" target=\"_blank\" rel=\"noreferrer noopener\">@la_fee_du_tri <\/a>!<a href=\"https:\/\/feedutri.systeme.io\/session-information-ff980223?sa=sa00547067411fa0b64fbf5fc7a765ae2f8fbc77fe\" target=\"_blank\" rel=\"noreferrer noopener\"> <\/a><\/p><p><a href=\"https:\/\/feedutri.systeme.io\/session-information-ff980223?sa=sa00547067411fa0b64fbf5fc7a765ae2f8fbc77fe\" target=\"_blank\" rel=\"noreferrer noopener\">Les informations sont ICI ! <\/a><\/p><\/blockquote>\n\n\n\n<div style=\"height:74px\" aria-hidden=\"true\" class=\"wp-block-spacer\"><\/div>\n\n\n","protected":false},"excerpt":{"rendered":"<p>Un peu de mon parcours &#8230; Cela fait maintenant 1 an que j&rsquo;ai quitt\u00e9 le salariat et bient\u00f4t 6 mois [&hellip;]<\/p>\n","protected":false},"author":1,"featured_media":0,"comment_status":"closed","ping_status":"closed","sticky":false,"template":"","format":"standard","meta":{"_uag_custom_page_level_css":"","_monsterinsights_skip_tracking":false,"_monsterinsights_sitenote_active":false,"_monsterinsights_sitenote_note":"","_monsterinsights_sitenote_category":0,"_uf_show_specific_survey":0,"_uf_disable_surveys":false,"site-sidebar-layout":"default","site-content-layout":"","ast-site-content-layout":"","site-content-style":"default","site-sidebar-style":"default","ast-global-header-display":"","ast-banner-title-visibility":"","ast-main-header-display":"","ast-hfb-above-header-display":"","ast-hfb-below-header-display":"","ast-hfb-mobile-header-display":"","site-post-title":"","ast-breadcrumbs-content":"","ast-featured-img":"","footer-sml-layout":"","theme-transparent-header-meta":"","adv-header-id-meta":"","stick-header-meta":"","header-above-stick-meta":"","header-main-stick-meta":"","header-below-stick-meta":"","astra-migrate-meta-layouts":"default","ast-page-background-enabled":"default","ast-page-background-meta":{"desktop":{"background-color":"var(--ast-global-color-4)","background-image":"","background-repeat":"repeat","background-position":"center center","background-size":"auto","background-attachment":"scroll","background-type":"","background-media":"","overlay-type":"","overlay-color":"","overlay-opacity":"","overlay-gradient":""},"tablet":{"background-color":"","background-image":"","background-repeat":"repeat","background-position":"center center","background-size":"auto","background-attachment":"scroll","background-type":"","background-media":"","overlay-type":"","overlay-color":"","overlay-opacity":"","overlay-gradient":""},"mobile":{"background-color":"","background-image":"","background-repeat":"repeat","background-position":"center center","background-size":"auto","background-attachment":"scroll","background-type":"","background-media":"","overlay-type":"","overlay-color":"","overlay-opacity":"","overlay-gradient":""}},"ast-content-background-meta":{"desktop":{"background-color":"var(--ast-global-color-5)","background-image":"","background-repeat":"repeat","background-position":"center center","background-size":"auto","background-attachment":"scroll","background-type":"","background-media":"","overlay-type":"","overlay-color":"","overlay-opacity":"","overlay-gradient":""},"tablet":{"background-color":"var(--ast-global-color-5)","background-image":"","background-repeat":"repeat","background-position":"center center","background-size":"auto","background-attachment":"scroll","background-type":"","background-media":"","overlay-type":"","overlay-color":"","overlay-opacity":"","overlay-gradient":""},"mobile":{"background-color":"var(--ast-global-color-5)","background-image":"","background-repeat":"repeat","background-position":"center center","background-size":"auto","background-attachment":"scroll","background-type":"","background-media":"","overlay-type":"","overlay-color":"","overlay-opacity":"","overlay-gradient":""}},"footnotes":""},"categories":[1],"tags":[],"class_list":["post-100717","post","type-post","status-publish","format-standard","hentry","category-non-classe"],"yoast_head":"<!-- This site is optimized with the Yoast SEO plugin v23.3 - https:\/\/yoast.com\/wordpress\/plugins\/seo\/ -->\n<title>Mon parcours - Julie MARIE - ORGANISATION<\/title>\n<meta name=\"robots\" content=\"index, follow, max-snippet:-1, max-image-preview:large, max-video-preview:-1\" \/>\n<link rel=\"canonical\" href=\"https:\/\/juliemarie.fr\/organisation\/2022\/11\/02\/mon-parcours\/\" \/>\n<meta property=\"og:locale\" content=\"fr_FR\" \/>\n<meta property=\"og:type\" content=\"article\" \/>\n<meta property=\"og:title\" content=\"Mon parcours - Julie MARIE - ORGANISATION\" \/>\n<meta property=\"og:description\" content=\"Un peu de mon parcours &#8230; Cela fait maintenant 1 an que j&rsquo;ai quitt\u00e9 le salariat et bient\u00f4t 6 mois [&hellip;]\" \/>\n<meta property=\"og:url\" content=\"https:\/\/juliemarie.fr\/organisation\/2022\/11\/02\/mon-parcours\/\" \/>\n<meta property=\"og:site_name\" content=\"Julie MARIE - ORGANISATION\" \/>\n<meta property=\"article:author\" content=\"https:\/\/www.facebook.com\/juliemarie.organisation\" \/>\n<meta property=\"article:published_time\" content=\"2022-11-02T05:00:00+00:00\" \/>\n<meta property=\"article:modified_time\" content=\"2024-09-13T12:40:56+00:00\" \/>\n<meta property=\"og:image\" content=\"https:\/\/juliemarie.fr\/wp-content\/uploads\/2022\/10\/portrait-Julie-225x300.jpg\" \/>\n<meta name=\"author\" content=\"admin9802\" \/>\n<meta name=\"twitter:card\" content=\"summary_large_image\" \/>\n<meta name=\"twitter:label1\" content=\"\u00c9crit par\" \/>\n\t<meta name=\"twitter:data1\" content=\"admin9802\" \/>\n\t<meta name=\"twitter:label2\" content=\"Dur\u00e9e de lecture estim\u00e9e\" \/>\n\t<meta name=\"twitter:data2\" content=\"9 minutes\" \/>\n<script type=\"application\/ld+json\" class=\"yoast-schema-graph\">{\"@context\":\"https:\/\/schema.org\",\"@graph\":[{\"@type\":\"Article\",\"@id\":\"https:\/\/juliemarie.fr\/organisation\/2022\/11\/02\/mon-parcours\/#article\",\"isPartOf\":{\"@id\":\"https:\/\/juliemarie.fr\/organisation\/2022\/11\/02\/mon-parcours\/\"},\"author\":{\"name\":\"admin9802\",\"@id\":\"https:\/\/juliemarie.fr\/organisation\/#\/schema\/person\/9c49b4ad48539b4d7c03337337a1fc5a\"},\"headline\":\"Mon parcours\",\"datePublished\":\"2022-11-02T05:00:00+00:00\",\"dateModified\":\"2024-09-13T12:40:56+00:00\",\"mainEntityOfPage\":{\"@id\":\"https:\/\/juliemarie.fr\/organisation\/2022\/11\/02\/mon-parcours\/\"},\"wordCount\":1873,\"publisher\":{\"@id\":\"https:\/\/juliemarie.fr\/organisation\/#organization\"},\"image\":{\"@id\":\"https:\/\/juliemarie.fr\/organisation\/2022\/11\/02\/mon-parcours\/#primaryimage\"},\"thumbnailUrl\":\"https:\/\/juliemarie.fr\/wp-content\/uploads\/2022\/10\/portrait-Julie-225x300.jpg\",\"inLanguage\":\"fr-FR\"},{\"@type\":\"WebPage\",\"@id\":\"https:\/\/juliemarie.fr\/organisation\/2022\/11\/02\/mon-parcours\/\",\"url\":\"https:\/\/juliemarie.fr\/organisation\/2022\/11\/02\/mon-parcours\/\",\"name\":\"Mon parcours - Julie MARIE - ORGANISATION\",\"isPartOf\":{\"@id\":\"https:\/\/juliemarie.fr\/organisation\/#website\"},\"primaryImageOfPage\":{\"@id\":\"https:\/\/juliemarie.fr\/organisation\/2022\/11\/02\/mon-parcours\/#primaryimage\"},\"image\":{\"@id\":\"https:\/\/juliemarie.fr\/organisation\/2022\/11\/02\/mon-parcours\/#primaryimage\"},\"thumbnailUrl\":\"https:\/\/juliemarie.fr\/wp-content\/uploads\/2022\/10\/portrait-Julie-225x300.jpg\",\"datePublished\":\"2022-11-02T05:00:00+00:00\",\"dateModified\":\"2024-09-13T12:40:56+00:00\",\"breadcrumb\":{\"@id\":\"https:\/\/juliemarie.fr\/organisation\/2022\/11\/02\/mon-parcours\/#breadcrumb\"},\"inLanguage\":\"fr-FR\",\"potentialAction\":[{\"@type\":\"ReadAction\",\"target\":[\"https:\/\/juliemarie.fr\/organisation\/2022\/11\/02\/mon-parcours\/\"]}]},{\"@type\":\"ImageObject\",\"inLanguage\":\"fr-FR\",\"@id\":\"https:\/\/juliemarie.fr\/organisation\/2022\/11\/02\/mon-parcours\/#primaryimage\",\"url\":\"https:\/\/juliemarie.fr\/wp-content\/uploads\/2022\/10\/portrait-Julie-225x300.jpg\",\"contentUrl\":\"https:\/\/juliemarie.fr\/wp-content\/uploads\/2022\/10\/portrait-Julie-225x300.jpg\"},{\"@type\":\"BreadcrumbList\",\"@id\":\"https:\/\/juliemarie.fr\/organisation\/2022\/11\/02\/mon-parcours\/#breadcrumb\",\"itemListElement\":[{\"@type\":\"ListItem\",\"position\":1,\"name\":\"Accueil\",\"item\":\"https:\/\/juliemarie.fr\/organisation\/\"},{\"@type\":\"ListItem\",\"position\":2,\"name\":\"Mon parcours\"}]},{\"@type\":\"WebSite\",\"@id\":\"https:\/\/juliemarie.fr\/organisation\/#website\",\"url\":\"https:\/\/juliemarie.fr\/organisation\/\",\"name\":\"Julie MARIE - ORGANISATION\",\"description\":\"\",\"publisher\":{\"@id\":\"https:\/\/juliemarie.fr\/organisation\/#organization\"},\"potentialAction\":[{\"@type\":\"SearchAction\",\"target\":{\"@type\":\"EntryPoint\",\"urlTemplate\":\"https:\/\/juliemarie.fr\/organisation\/?s={search_term_string}\"},\"query-input\":\"required name=search_term_string\"}],\"inLanguage\":\"fr-FR\"},{\"@type\":\"Organization\",\"@id\":\"https:\/\/juliemarie.fr\/organisation\/#organization\",\"name\":\"Julie MARIE - ORGANISATION\",\"url\":\"https:\/\/juliemarie.fr\/organisation\/\",\"logo\":{\"@type\":\"ImageObject\",\"inLanguage\":\"fr-FR\",\"@id\":\"https:\/\/juliemarie.fr\/organisation\/#\/schema\/logo\/image\/\",\"url\":\"https:\/\/juliemarie.fr\/organisation\/wp-content\/uploads\/sites\/2\/2024\/09\/cropped-Julie-MARIE-e1720168649254-768x671-1.jpg\",\"contentUrl\":\"https:\/\/juliemarie.fr\/organisation\/wp-content\/uploads\/sites\/2\/2024\/09\/cropped-Julie-MARIE-e1720168649254-768x671-1.jpg\",\"width\":512,\"height\":512,\"caption\":\"Julie MARIE - ORGANISATION\"},\"image\":{\"@id\":\"https:\/\/juliemarie.fr\/organisation\/#\/schema\/logo\/image\/\"}},{\"@type\":\"Person\",\"@id\":\"https:\/\/juliemarie.fr\/organisation\/#\/schema\/person\/9c49b4ad48539b4d7c03337337a1fc5a\",\"name\":\"admin9802\",\"image\":{\"@type\":\"ImageObject\",\"inLanguage\":\"fr-FR\",\"@id\":\"https:\/\/juliemarie.fr\/organisation\/#\/schema\/person\/image\/\",\"url\":\"https:\/\/secure.gravatar.com\/avatar\/55e553a28a2afa3e3e094cd84f5d35a2?s=96&d=mm&r=g\",\"contentUrl\":\"https:\/\/secure.gravatar.com\/avatar\/55e553a28a2afa3e3e094cd84f5d35a2?s=96&d=mm&r=g\",\"caption\":\"admin9802\"},\"sameAs\":[\"http:\/\/juliemarie-organisation.fr\",\"https:\/\/www.facebook.com\/juliemarie.organisation\",\"https:\/\/www.instagram.com\/juliemarie.organisation\/\",\"https:\/\/www.pinterest.fr\/juliemarieorganisation\/\"],\"url\":\"https:\/\/juliemarie.fr\/organisation\/author\/admin9802\/\"}]}<\/script>\n<!-- \/ Yoast SEO plugin. -->","yoast_head_json":{"title":"Mon parcours - Julie MARIE - ORGANISATION","robots":{"index":"index","follow":"follow","max-snippet":"max-snippet:-1","max-image-preview":"max-image-preview:large","max-video-preview":"max-video-preview:-1"},"canonical":"https:\/\/juliemarie.fr\/organisation\/2022\/11\/02\/mon-parcours\/","og_locale":"fr_FR","og_type":"article","og_title":"Mon parcours - Julie MARIE - ORGANISATION","og_description":"Un peu de mon parcours &#8230; Cela fait maintenant 1 an que j&rsquo;ai quitt\u00e9 le salariat et bient\u00f4t 6 mois [&hellip;]","og_url":"https:\/\/juliemarie.fr\/organisation\/2022\/11\/02\/mon-parcours\/","og_site_name":"Julie MARIE - ORGANISATION","article_author":"https:\/\/www.facebook.com\/juliemarie.organisation","article_published_time":"2022-11-02T05:00:00+00:00","article_modified_time":"2024-09-13T12:40:56+00:00","og_image":[{"url":"https:\/\/juliemarie.fr\/wp-content\/uploads\/2022\/10\/portrait-Julie-225x300.jpg"}],"author":"admin9802","twitter_card":"summary_large_image","twitter_misc":{"\u00c9crit par":"admin9802","Dur\u00e9e de lecture estim\u00e9e":"9 minutes"},"schema":{"@context":"https:\/\/schema.org","@graph":[{"@type":"Article","@id":"https:\/\/juliemarie.fr\/organisation\/2022\/11\/02\/mon-parcours\/#article","isPartOf":{"@id":"https:\/\/juliemarie.fr\/organisation\/2022\/11\/02\/mon-parcours\/"},"author":{"name":"admin9802","@id":"https:\/\/juliemarie.fr\/organisation\/#\/schema\/person\/9c49b4ad48539b4d7c03337337a1fc5a"},"headline":"Mon parcours","datePublished":"2022-11-02T05:00:00+00:00","dateModified":"2024-09-13T12:40:56+00:00","mainEntityOfPage":{"@id":"https:\/\/juliemarie.fr\/organisation\/2022\/11\/02\/mon-parcours\/"},"wordCount":1873,"publisher":{"@id":"https:\/\/juliemarie.fr\/organisation\/#organization"},"image":{"@id":"https:\/\/juliemarie.fr\/organisation\/2022\/11\/02\/mon-parcours\/#primaryimage"},"thumbnailUrl":"https:\/\/juliemarie.fr\/wp-content\/uploads\/2022\/10\/portrait-Julie-225x300.jpg","inLanguage":"fr-FR"},{"@type":"WebPage","@id":"https:\/\/juliemarie.fr\/organisation\/2022\/11\/02\/mon-parcours\/","url":"https:\/\/juliemarie.fr\/organisation\/2022\/11\/02\/mon-parcours\/","name":"Mon parcours - Julie MARIE - ORGANISATION","isPartOf":{"@id":"https:\/\/juliemarie.fr\/organisation\/#website"},"primaryImageOfPage":{"@id":"https:\/\/juliemarie.fr\/organisation\/2022\/11\/02\/mon-parcours\/#primaryimage"},"image":{"@id":"https:\/\/juliemarie.fr\/organisation\/2022\/11\/02\/mon-parcours\/#primaryimage"},"thumbnailUrl":"https:\/\/juliemarie.fr\/wp-content\/uploads\/2022\/10\/portrait-Julie-225x300.jpg","datePublished":"2022-11-02T05:00:00+00:00","dateModified":"2024-09-13T12:40:56+00:00","breadcrumb":{"@id":"https:\/\/juliemarie.fr\/organisation\/2022\/11\/02\/mon-parcours\/#breadcrumb"},"inLanguage":"fr-FR","potentialAction":[{"@type":"ReadAction","target":["https:\/\/juliemarie.fr\/organisation\/2022\/11\/02\/mon-parcours\/"]}]},{"@type":"ImageObject","inLanguage":"fr-FR","@id":"https:\/\/juliemarie.fr\/organisation\/2022\/11\/02\/mon-parcours\/#primaryimage","url":"https:\/\/juliemarie.fr\/wp-content\/uploads\/2022\/10\/portrait-Julie-225x300.jpg","contentUrl":"https:\/\/juliemarie.fr\/wp-content\/uploads\/2022\/10\/portrait-Julie-225x300.jpg"},{"@type":"BreadcrumbList","@id":"https:\/\/juliemarie.fr\/organisation\/2022\/11\/02\/mon-parcours\/#breadcrumb","itemListElement":[{"@type":"ListItem","position":1,"name":"Accueil","item":"https:\/\/juliemarie.fr\/organisation\/"},{"@type":"ListItem","position":2,"name":"Mon parcours"}]},{"@type":"WebSite","@id":"https:\/\/juliemarie.fr\/organisation\/#website","url":"https:\/\/juliemarie.fr\/organisation\/","name":"Julie MARIE - ORGANISATION","description":"","publisher":{"@id":"https:\/\/juliemarie.fr\/organisation\/#organization"},"potentialAction":[{"@type":"SearchAction","target":{"@type":"EntryPoint","urlTemplate":"https:\/\/juliemarie.fr\/organisation\/?s={search_term_string}"},"query-input":"required name=search_term_string"}],"inLanguage":"fr-FR"},{"@type":"Organization","@id":"https:\/\/juliemarie.fr\/organisation\/#organization","name":"Julie MARIE - ORGANISATION","url":"https:\/\/juliemarie.fr\/organisation\/","logo":{"@type":"ImageObject","inLanguage":"fr-FR","@id":"https:\/\/juliemarie.fr\/organisation\/#\/schema\/logo\/image\/","url":"https:\/\/juliemarie.fr\/organisation\/wp-content\/uploads\/sites\/2\/2024\/09\/cropped-Julie-MARIE-e1720168649254-768x671-1.jpg","contentUrl":"https:\/\/juliemarie.fr\/organisation\/wp-content\/uploads\/sites\/2\/2024\/09\/cropped-Julie-MARIE-e1720168649254-768x671-1.jpg","width":512,"height":512,"caption":"Julie MARIE - ORGANISATION"},"image":{"@id":"https:\/\/juliemarie.fr\/organisation\/#\/schema\/logo\/image\/"}},{"@type":"Person","@id":"https:\/\/juliemarie.fr\/organisation\/#\/schema\/person\/9c49b4ad48539b4d7c03337337a1fc5a","name":"admin9802","image":{"@type":"ImageObject","inLanguage":"fr-FR","@id":"https:\/\/juliemarie.fr\/organisation\/#\/schema\/person\/image\/","url":"https:\/\/secure.gravatar.com\/avatar\/55e553a28a2afa3e3e094cd84f5d35a2?s=96&d=mm&r=g","contentUrl":"https:\/\/secure.gravatar.com\/avatar\/55e553a28a2afa3e3e094cd84f5d35a2?s=96&d=mm&r=g","caption":"admin9802"},"sameAs":["http:\/\/juliemarie-organisation.fr","https:\/\/www.facebook.com\/juliemarie.organisation","https:\/\/www.instagram.com\/juliemarie.organisation\/","https:\/\/www.pinterest.fr\/juliemarieorganisation\/"],"url":"https:\/\/juliemarie.fr\/organisation\/author\/admin9802\/"}]}},"uagb_featured_image_src":{"full":false,"thumbnail":false,"medium":false,"medium_large":false,"large":false,"1536x1536":false,"2048x2048":false},"uagb_author_info":{"display_name":"admin9802","author_link":"https:\/\/juliemarie.fr\/organisation\/author\/admin9802\/"},"uagb_comment_info":0,"uagb_excerpt":"Un peu de mon parcours &#8230; Cela fait maintenant 1 an que j&rsquo;ai quitt\u00e9 le salariat et bient\u00f4t 6 mois [&hellip;]","_links":{"self":[{"href":"https:\/\/juliemarie.fr\/organisation\/wp-json\/wp\/v2\/posts\/100717","targetHints":{"allow":["GET"]}}],"collection":[{"href":"https:\/\/juliemarie.fr\/organisation\/wp-json\/wp\/v2\/posts"}],"about":[{"href":"https:\/\/juliemarie.fr\/organisation\/wp-json\/wp\/v2\/types\/post"}],"author":[{"embeddable":true,"href":"https:\/\/juliemarie.fr\/organisation\/wp-json\/wp\/v2\/users\/1"}],"replies":[{"embeddable":true,"href":"https:\/\/juliemarie.fr\/organisation\/wp-json\/wp\/v2\/comments?post=100717"}],"version-history":[{"count":1,"href":"https:\/\/juliemarie.fr\/organisation\/wp-json\/wp\/v2\/posts\/100717\/revisions"}],"predecessor-version":[{"id":101235,"href":"https:\/\/juliemarie.fr\/organisation\/wp-json\/wp\/v2\/posts\/100717\/revisions\/101235"}],"wp:attachment":[{"href":"https:\/\/juliemarie.fr\/organisation\/wp-json\/wp\/v2\/media?parent=100717"}],"wp:term":[{"taxonomy":"category","embeddable":true,"href":"https:\/\/juliemarie.fr\/organisation\/wp-json\/wp\/v2\/categories?post=100717"},{"taxonomy":"post_tag","embeddable":true,"href":"https:\/\/juliemarie.fr\/organisation\/wp-json\/wp\/v2\/tags?post=100717"}],"curies":[{"name":"wp","href":"https:\/\/api.w.org\/{rel}","templated":true}]}}